{"id":1,"date":"2020-02-10T15:04:46","date_gmt":"2020-02-10T14:04:46","guid":{"rendered":"http:\/\/gruene-wriezen.de\/?p=1"},"modified":"2021-10-01T10:42:50","modified_gmt":"2021-10-01T08:42:50","slug":"gruendung-ov","status":"publish","type":"post","link":"https:\/\/gruene-wriezen.de\/index.php\/gruendung-ov\/","title":{"rendered":"Ortsverband Wriezen gr\u00fcndet sich in Schulzendorf"},"content":{"rendered":"\n<p>Am 11. Dezember 2019 hat sich im M\u00e4rkischen Reiterhof in Schulzendorf der Ortsverband Wriezen von B\u00dcNDNIS 90\/DIE GR\u00dcNEN gegr\u00fcndet. Nach vielem positiven Zuspruch w\u00e4hrend der zwei Wahlk\u00e4mpfe im Jahr 2019 und der Aufnahme neuer Mitglieder, haben diese mit Unterst\u00fctzung des Kreisverbandes M\u00e4rkisch-Oderland den Ortsverband ins Leben gerufen. Sprecher*innen des OV Wriezen sind Anne Blunk und Steffen Blunk.<\/p>\n","protected":false},"excerpt":{"rendered":"<p>Am 11. Dezember 2019 hat sich im M\u00e4rkischen Reiterhof in Schulzendorf der Ortsverband Wriezen von B\u00dcNDNIS 90\/DIE GR\u00dcNEN gegr\u00fcndet. Nach vielem positiven Zuspruch w\u00e4hrend der zwei Wahlk\u00e4mpfe im Jahr 2019 [&hellip;]<\/p>\n","protected":false},"author":-1,"featured_media":38,"comment_status":"closed","ping_status":"open","sticky":false,"template":"","format":"standard","meta":{"_jetpack_memberships_contains_paid_content":false,"footnotes":""},"categories":[1],"tags":[],"class_list":["post-1","post","type-post","status-publish","format-standard","has-post-thumbnail","hentry","category-allgemein"],"jetpack_sharing_enabled":true,"jetpack_featured_media_url":"https:\/\/gruene-wriezen.de\/wp-content\/uploads\/2020\/02\/K\u00f6pfe_Gruendung.jpg","_links":{"self":[{"href":"https:\/\/gruene-wriezen.de\/index.php\/wp-json\/wp\/v2\/posts\/1","targetHints":{"allow":["GET"]}}],"collection":[{"href":"https:\/\/gruene-wriezen.de\/index.php\/wp-json\/wp\/v2\/posts"}],"about":[{"href":"https:\/\/gruene-wriezen.de\/index.php\/wp-json\/wp\/v2\/types\/post"}],"author":[{"embeddable":true,"href":"https:\/\/gruene-wriezen.de\/index.php\/wp-json\/wp\/v2\/users\/1"}],"replies":[{"embeddable":true,"href":"https:\/\/gruene-wriezen.de\/index.php\/wp-json\/wp\/v2\/comments?post=1"}],"version-history":[{"count":4,"href":"https:\/\/gruene-wriezen.de\/index.php\/wp-json\/wp\/v2\/posts\/1\/revisions"}],"predecessor-version":[{"id":59,"href":"https:\/\/gruene-wriezen.de\/index.php\/wp-json\/wp\/v2\/posts\/1\/revisions\/59"}],"wp:featuredmedia":[{"embeddable":true,"href":"https:\/\/gruene-wriezen.de\/index.php\/wp-json\/wp\/v2\/media\/38"}],"wp:attachment":[{"href":"https:\/\/gruene-wriezen.de\/index.php\/wp-json\/wp\/v2\/media?parent=1"}],"wp:term":[{"taxonomy":"category","embeddable":true,"href":"https:\/\/gruene-wriezen.de\/index.php\/wp-json\/wp\/v2\/categories?post=1"},{"taxonomy":"post_tag","embeddable":true,"href":"https:\/\/gruene-wriezen.de\/index.php\/wp-json\/wp\/v2\/tags?post=1"}],"curies":[{"name":"wp","href":"https:\/\/api.w.org\/{rel}","templated":true}]}}