{"id":132,"date":"2020-11-06T10:28:47","date_gmt":"2020-11-06T09:28:47","guid":{"rendered":"http:\/\/gruene-wriezen.de\/?p=132"},"modified":"2021-12-22T17:18:13","modified_gmt":"2021-12-22T16:18:13","slug":"gruenes-buero-in-wriezen-eroeffnet","status":"publish","type":"post","link":"https:\/\/gruene-wriezen.de\/index.php\/gruenes-buero-in-wriezen-eroeffnet\/","title":{"rendered":"Gr\u00fcnes B\u00fcro in Wriezen er\u00f6ffnet"},"content":{"rendered":"<p>Am heutigen Freitag, den 6.11.2020, nutzen wir das erste Mal offiziell unser neues B\u00fcro in der Wriezener Fu\u00dfg\u00e4ngerzone. Ohne Feierlichkeiten, still und leise haben wir es am 23. Oktober er\u00f6ffnet. Gew\u00fcnscht h\u00e4tten wir uns eine gro\u00dfe Party, die wir wegen Corona aber verschoben haben.<\/p>\n<p>Zusammen mit der Landtagsabgeordneten Sahra Damus, die ihr Wahlkreisb\u00fcro in unseren R\u00e4umen hat, und den Regionalverbandssprecherinnen Evelyn Faust und Hendrik Martens stehen wir ab sofort als Ansprechpartner vor Ort zur Verf\u00fcgung.<\/p>\n<p>Unser Ortsverband hat immer Freitags von 10 bis 12 Sprechstunde. Als neue Stadtverordnete steht Anne Blunk auch f\u00fcr Fragen rund um die Wriezener Stadtverordnetenversammlung zur Verf\u00fcgung.<\/p>\n<p>Das Team von Sahra Damus macht seine Landtagssprechstunde immer mittwochs, der Regionalverband voraussichtlich dienstags und donnerstags Vormittag.<\/p>\n<figure><a href=\"https:\/\/gruene-wriezen.de\/wp-content\/uploads\/2020\/11\/IMG_2878.jpg\" data-elementor-open-lightbox=\"yes\" data-elementor-lightbox-title=\"IMG_2878\"><br \/>\n<img loading=\"lazy\" decoding=\"async\" title=\"IMG_2878\" src=\"https:\/\/gruene-wriezen.de\/wp-content\/uploads\/2020\/11\/IMG_2878-800x600.jpg\" sizes=\"auto, (max-width: 783px) 100vw, 783px\" srcset=\"https:\/\/gruene-wriezen.de\/wp-content\/uploads\/2020\/11\/IMG_2878-800x600.jpg 800w, https:\/\/gruene-wriezen.de\/wp-content\/uploads\/2020\/11\/IMG_2878-400x300.jpg 400w, https:\/\/gruene-wriezen.de\/wp-content\/uploads\/2020\/11\/IMG_2878-768x576.jpg 768w, https:\/\/gruene-wriezen.de\/wp-content\/uploads\/2020\/11\/IMG_2878-1536x1152.jpg 1536w, https:\/\/gruene-wriezen.de\/wp-content\/uploads\/2020\/11\/IMG_2878-150x113.jpg 150w, https:\/\/gruene-wriezen.de\/wp-content\/uploads\/2020\/11\/IMG_2878.jpg 2016w\" alt=\"\" width=\"783\" height=\"587\" \/> <\/a><figcaption>Ab sofort besetzt: Das Gr\u00fcne B\u00fcro in der Wriezener Fu\u00dfg\u00e4ngerzone &#8230;<\/figcaption><\/figure>\n<figure><figcaption>&#8230; hier treffen Besucher freitags auch die neue Stadtverordnete Anne Blunk<\/figcaption><\/figure>\n<figure><img loading=\"lazy\" decoding=\"async\" title=\"d56113eb-cf48-4bbf-b06f-92e8fd534d8d\" src=\"https:\/\/gruene-wriezen.de\/wp-content\/uploads\/2020\/11\/d56113eb-cf48-4bbf-b06f-92e8fd534d8d-800x600.jpg\" sizes=\"auto, (max-width: 783px) 100vw, 783px\" srcset=\"https:\/\/gruene-wriezen.de\/wp-content\/uploads\/2020\/11\/d56113eb-cf48-4bbf-b06f-92e8fd534d8d-800x600.jpg 800w, https:\/\/gruene-wriezen.de\/wp-content\/uploads\/2020\/11\/d56113eb-cf48-4bbf-b06f-92e8fd534d8d-400x300.jpg 400w, https:\/\/gruene-wriezen.de\/wp-content\/uploads\/2020\/11\/d56113eb-cf48-4bbf-b06f-92e8fd534d8d-768x576.jpg 768w, https:\/\/gruene-wriezen.de\/wp-content\/uploads\/2020\/11\/d56113eb-cf48-4bbf-b06f-92e8fd534d8d-1536x1153.jpg 1536w, https:\/\/gruene-wriezen.de\/wp-content\/uploads\/2020\/11\/d56113eb-cf48-4bbf-b06f-92e8fd534d8d-150x113.jpg 150w, https:\/\/gruene-wriezen.de\/wp-content\/uploads\/2020\/11\/d56113eb-cf48-4bbf-b06f-92e8fd534d8d.jpg 1599w\" alt=\"B\u00fcroer\u00f6ffnung\" width=\"783\" height=\"587\" \/><figcaption>\nDas B\u00fcro beherbergt auch das Wahlkreisb\u00fcro der Landtagsabgeordneten Sahra Damus (Dritte v.r.). Sie oder ihre Teammitlgieder Laura und Federico werden mittwochs f\u00fcr Gespr\u00e4che zur Verf\u00fcgung stehen.<\/figcaption><\/figure>\n","protected":false},"excerpt":{"rendered":"<p>Am heutigen Freitag, den 6.11.2020, nutzen wir das erste Mal offiziell unser neues B\u00fcro in der Wriezener Fu\u00dfg\u00e4ngerzone. Ohne Feierlichkeiten, still und leise haben wir es am 23. Oktober er\u00f6ffnet. [&hellip;]<\/p>\n","protected":false},"author":-1,"featured_media":150,"comment_status":"closed","ping_status":"open","sticky":false,"template":"","format":"standard","meta":{"_jetpack_memberships_contains_paid_content":false,"footnotes":""},"categories":[1],"tags":[],"class_list":["post-132","post","type-post","status-publish","format-standard","has-post-thumbnail","hentry","category-allgemein"],"jetpack_sharing_enabled":true,"jetpack_featured_media_url":"https:\/\/gruene-wriezen.de\/wp-content\/uploads\/2020\/11\/IMG_2877-scaled.jpg","_links":{"self":[{"href":"https:\/\/gruene-wriezen.de\/index.php\/wp-json\/wp\/v2\/posts\/132","targetHints":{"allow":["GET"]}}],"collection":[{"href":"https:\/\/gruene-wriezen.de\/index.php\/wp-json\/wp\/v2\/posts"}],"about":[{"href":"https:\/\/gruene-wriezen.de\/index.php\/wp-json\/wp\/v2\/types\/post"}],"author":[{"embeddable":true,"href":"https:\/\/gruene-wriezen.de\/index.php\/wp-json\/wp\/v2\/users\/1"}],"replies":[{"embeddable":true,"href":"https:\/\/gruene-wriezen.de\/index.php\/wp-json\/wp\/v2\/comments?post=132"}],"version-history":[{"count":20,"href":"https:\/\/gruene-wriezen.de\/index.php\/wp-json\/wp\/v2\/posts\/132\/revisions"}],"predecessor-version":[{"id":339,"href":"https:\/\/gruene-wriezen.de\/index.php\/wp-json\/wp\/v2\/posts\/132\/revisions\/339"}],"wp:featuredmedia":[{"embeddable":true,"href":"https:\/\/gruene-wriezen.de\/index.php\/wp-json\/wp\/v2\/media\/150"}],"wp:attachment":[{"href":"https:\/\/gruene-wriezen.de\/index.php\/wp-json\/wp\/v2\/media?parent=132"}],"wp:term":[{"taxonomy":"category","embeddable":true,"href":"https:\/\/gruene-wriezen.de\/index.php\/wp-json\/wp\/v2\/categories?post=132"},{"taxonomy":"post_tag","embeddable":true,"href":"https:\/\/gruene-wriezen.de\/index.php\/wp-json\/wp\/v2\/tags?post=132"}],"curies":[{"name":"wp","href":"https:\/\/api.w.org\/{rel}","templated":true}]}}